{"id":561,"date":"2020-12-30T16:48:25","date_gmt":"2020-12-30T15:48:25","guid":{"rendered":"https:\/\/www.mv-niederwerrn.de\/wp\/?p=561"},"modified":"2020-12-30T17:58:01","modified_gmt":"2020-12-30T16:58:01","slug":"ruckblick-auf-2020","status":"publish","type":"post","link":"https:\/\/www.mv-niederwerrn.de\/wp\/?p=561","title":{"rendered":"R\u00c3\u00bcckblick auf 2020"},"content":{"rendered":"<p>Das Jahr 2020 stand ganz im Zeichen der Corona-Pandemie. Dies hat auch ma\u00c3\u0178geblich den Musikverein Niederwerrn und allgemein das \u00c3\u00b6ffentliche Leben gepr\u00c3\u00a4gt.<\/p>\n<p>Die Planungen und Vorbereitungen f\u00c3\u00bcr das Palmsonntagskonzert liefen bereits auf Hochtouren, als kurz vorher der erste Lockdown eintrat. Mit gro\u00c3\u0178em Einsatz und Engagement hatten wir uns in vielen Orchesterproben getroffen.<br \/>\nHier noch einmal ein gro\u00c3\u0178es Dankesch\u00c3\u00b6n an jeden einzelnen Musiker! Und ohne Dirigenten g\u00c3\u00a4be es kein funktionierendes Orchester, deshalb einen besonderen Dank an Thomas Will und Bernhard Rippstein!<\/p>\n<p>Als der Lockdown zu Ende war, konnten wir uns zu ein paar wenigen Proben im Freien treffen. Eine Erfahrung die uns sehr viel Spa\u00c3\u0178 gemacht hat und zu Zeiten der Einschr\u00c3\u00a4nkungen nicht ganz selbstverst\u00c3\u00a4ndlich waren.<\/p>\n<p>Es wurde aufs Ende des Jahres Still im Land. Ein wenig Hoffnung machte uns das w\u00c3\u00b6chentliche Musikspielen &#8220;Musik aus dem Fenster&#8221;.<\/p>\n<p>Die Corona Krise stellt unsere sch\u00c3\u00b6ne Blasmusik auf eine harte Bew\u00c3\u00a4hrungsprobe. Wir m\u00c3\u00bcssen Geduld bewahren und durchhalten. Und wir werden diese Zeit \u00c3\u00bcberstehen und das Land und unsere Gemeinde wieder mit froher Musik erfreuen. Liebe Musiker: verliert nicht den Mut und die Zuversicht und bleibt unserem Hobby treu.<\/p>\n<p>Musik ist die Sprache der menschlichen Seele (Lorin Maazel) und wir werden mit unserer Musik wieder viele Seelen finden.<\/p>\n<p>Lasst uns die Zeit nutzen, um durchzuatmen, um Kraft zu tanken und gest\u00c3\u00a4rkt ins neue Jahr zu gehen, das sicher noch so manche Herausforderung f\u00c3\u00bcr uns bereithalten wird.<\/p>\n<p>Vergesst nicht, dass wir mit den Einschr\u00c3\u00a4nkungen nur ein Ziel verfolgen, n\u00c3\u00a4mlich der Eind\u00c3\u00a4mmung und Bek\u00c3\u00a4mpfung des Corona-Virus.<\/p>\n<p>Wir bedanken uns herzlich bei euch allen, w\u00c3\u00bcnschen einen guten Rutsch und pers\u00c3\u00b6nlichen Erfolg f\u00c3\u00bcr das neue Jahr 2021.<\/p>\n<p>Bleibt Gesund und lasst eure Instrumente weiterhin erklingen!<\/p>\n<p>Mit musikalischem Gru\u00c3\u0178<\/p>\n<p>Eure Vorstandschaft<\/p>\n","protected":false},"excerpt":{"rendered":"<p>Das Jahr 2020 stand ganz im Zeichen der Corona-Pandemie. Dies hat auch ma\u00c3\u0178geblich den Musikverein Niederwerrn und allgemein das \u00c3\u00b6ffentliche Leben gepr\u00c3\u00a4gt. Die Planungen und Vorbereitungen f\u00c3\u00bcr das Palmsonntagskonzert liefen bereits auf Hochtouren, als kurz vorher der erste Lockdown eintrat. Mit gro\u00c3\u0178em Einsatz und Engagement hatten wir uns in vielen Orchesterproben getroffen. Hier noch einmal [&hellip;]<\/p>\n","protected":false},"author":2,"featured_media":0,"comment_status":"closed","ping_status":"open","sticky":false,"template":"","format":"standard","meta":[],"categories":[1],"tags":[],"_links":{"self":[{"href":"https:\/\/www.mv-niederwerrn.de\/wp\/index.php?rest_route=\/wp\/v2\/posts\/561"}],"collection":[{"href":"https:\/\/www.mv-niederwerrn.de\/wp\/index.php?rest_route=\/wp\/v2\/posts"}],"about":[{"href":"https:\/\/www.mv-niederwerrn.de\/wp\/index.php?rest_route=\/wp\/v2\/types\/post"}],"author":[{"embeddable":true,"href":"https:\/\/www.mv-niederwerrn.de\/wp\/index.php?rest_route=\/wp\/v2\/users\/2"}],"replies":[{"embeddable":true,"href":"https:\/\/www.mv-niederwerrn.de\/wp\/index.php?rest_route=%2Fwp%2Fv2%2Fcomments&post=561"}],"version-history":[{"count":4,"href":"https:\/\/www.mv-niederwerrn.de\/wp\/index.php?rest_route=\/wp\/v2\/posts\/561\/revisions"}],"predecessor-version":[{"id":568,"href":"https:\/\/www.mv-niederwerrn.de\/wp\/index.php?rest_route=\/wp\/v2\/posts\/561\/revisions\/568"}],"wp:attachment":[{"href":"https:\/\/www.mv-niederwerrn.de\/wp\/index.php?rest_route=%2Fwp%2Fv2%2Fmedia&parent=561"}],"wp:term":[{"taxonomy":"category","embeddable":true,"href":"https:\/\/www.mv-niederwerrn.de\/wp\/index.php?rest_route=%2Fwp%2Fv2%2Fcategories&post=561"},{"taxonomy":"post_tag","embeddable":true,"href":"https:\/\/www.mv-niederwerrn.de\/wp\/index.php?rest_route=%2Fwp%2Fv2%2Ftags&post=561"}],"curies":[{"name":"wp","href":"https:\/\/api.w.org\/{rel}","templated":true}]}}