{"id":571,"date":"2021-01-12T20:52:08","date_gmt":"2021-01-12T19:52:08","guid":{"rendered":"https:\/\/www.mv-niederwerrn.de\/wp\/?p=571"},"modified":"2021-01-12T20:52:08","modified_gmt":"2021-01-12T19:52:08","slug":"absage-jahreshauptversammlung","status":"publish","type":"post","link":"https:\/\/www.mv-niederwerrn.de\/wp\/?p=571","title":{"rendered":"Absage Jahreshauptversammlung"},"content":{"rendered":"<p>Im Rahmen der j\u00c3\u00bcngsten Entwicklungen rund um die Corona-Pandemie und wegen der dadurch neu beschlossenen Ma\u00c3\u0178nahmen der Bundes- und Landesregierung, hat die Vorstandschaft einstimmig beschlossen, die f\u00c3\u00bcr den 31.01.2021 geplante Jahreshauptversammlung abzusagen und auf einen noch nicht bekannten Zeitpunkt zu verschieben.<\/p>\n<p>Durch die beschlossenen Ma\u00c3\u0178nahmen der Bundes- und Landesregierung, ist eine Jahreshauptversammlung im geplanten Rahmen trotz angedachter Schutzma\u00c3\u0178nahmen nicht m\u00c3\u00b6glich.<br \/>\nBitte informieren Sie auch Ihre Freunde und Bekannten.<\/p>\n<p>Zu einem Ersatztermin wird zu gegebenem Zeitpunkt fristgerecht gem\u00c3\u00a4\u00c3\u0178 Satzung \u00c3\u00bcber die bekannten Medien erneut eingeladen.<\/p>\n<p>Bleiben Sie gesund!<\/p>\n","protected":false},"excerpt":{"rendered":"<p>Im Rahmen der j\u00c3\u00bcngsten Entwicklungen rund um die Corona-Pandemie und wegen der dadurch neu beschlossenen Ma\u00c3\u0178nahmen der Bundes- und Landesregierung, hat die Vorstandschaft einstimmig beschlossen, die f\u00c3\u00bcr den 31.01.2021 geplante Jahreshauptversammlung abzusagen und auf einen noch nicht bekannten Zeitpunkt zu verschieben. Durch die beschlossenen Ma\u00c3\u0178nahmen der Bundes- und Landesregierung, ist eine Jahreshauptversammlung im geplanten Rahmen [&hellip;]<\/p>\n","protected":false},"author":2,"featured_media":0,"comment_status":"closed","ping_status":"open","sticky":false,"template":"","format":"standard","meta":[],"categories":[1],"tags":[],"_links":{"self":[{"href":"https:\/\/www.mv-niederwerrn.de\/wp\/index.php?rest_route=\/wp\/v2\/posts\/571"}],"collection":[{"href":"https:\/\/www.mv-niederwerrn.de\/wp\/index.php?rest_route=\/wp\/v2\/posts"}],"about":[{"href":"https:\/\/www.mv-niederwerrn.de\/wp\/index.php?rest_route=\/wp\/v2\/types\/post"}],"author":[{"embeddable":true,"href":"https:\/\/www.mv-niederwerrn.de\/wp\/index.php?rest_route=\/wp\/v2\/users\/2"}],"replies":[{"embeddable":true,"href":"https:\/\/www.mv-niederwerrn.de\/wp\/index.php?rest_route=%2Fwp%2Fv2%2Fcomments&post=571"}],"version-history":[{"count":1,"href":"https:\/\/www.mv-niederwerrn.de\/wp\/index.php?rest_route=\/wp\/v2\/posts\/571\/revisions"}],"predecessor-version":[{"id":572,"href":"https:\/\/www.mv-niederwerrn.de\/wp\/index.php?rest_route=\/wp\/v2\/posts\/571\/revisions\/572"}],"wp:attachment":[{"href":"https:\/\/www.mv-niederwerrn.de\/wp\/index.php?rest_route=%2Fwp%2Fv2%2Fmedia&parent=571"}],"wp:term":[{"taxonomy":"category","embeddable":true,"href":"https:\/\/www.mv-niederwerrn.de\/wp\/index.php?rest_route=%2Fwp%2Fv2%2Fcategories&post=571"},{"taxonomy":"post_tag","embeddable":true,"href":"https:\/\/www.mv-niederwerrn.de\/wp\/index.php?rest_route=%2Fwp%2Fv2%2Ftags&post=571"}],"curies":[{"name":"wp","href":"https:\/\/api.w.org\/{rel}","templated":true}]}}