{"id":591,"date":"2021-09-04T12:00:04","date_gmt":"2021-09-04T10:00:04","guid":{"rendered":"https:\/\/www.mv-niederwerrn.de\/wp\/?p=591"},"modified":"2021-09-04T12:00:04","modified_gmt":"2021-09-04T10:00:04","slug":"jahreshauptversammlung-2021","status":"publish","type":"post","link":"https:\/\/www.mv-niederwerrn.de\/wp\/?p=591","title":{"rendered":"Jahreshauptversammlung 2021"},"content":{"rendered":"<p>Wir laden recht herzlich zu unserer Jahreshauptversammlung<\/p>\n<p>am <a href=\"calendar:T2:18.09.2021\">18.09.2021<\/a><br \/>\num <a href=\"calendar:T1:19:00 \">19:00 <\/a>Uhr<br \/>\nins Gemeindezentrum Niederwerrn<br \/>\nPestalozzistra\u00c3\u0178e 1, 97464 Niederwerrn<\/p>\n<p>ein.<\/p>\n<p>Aufgrund der anhaltenden Corona Pandemie und den geltenden Vorschriften, halten wir unsere Jahreshauptversammlung 2021 im Gemeindezentrum Niederwerrn ab. Wir bitten Sie um Verst\u00c3\u00a4ndnis, dass es in diesem Jahr keinen anschlie\u00c3\u0178enden Vereinsabend geben wird.<\/p>\n<p>Wir m\u00c3\u00b6chten Sie darauf hinweisen, dass bei Betreten der R\u00c3\u00a4umlichkeiten, eine FFP2 Mund- und Nasenbedeckung zu tragen ist! Am Platz d\u00c3\u00bcrfen Sie diese absetzen. Die St\u00c3\u00bchle werden wir in ausreichendem Sicherheitsabstand aufstellen.<\/p>\n<p>Nachdem wir zum jetzigen Zeitpunkt nicht wissen, wie sich die Corona Pandemie und deren Ma\u00c3\u0178nahmen, beziehungswei\u00c3\u0178e Vorschriften \u00c3\u00a4ndern<br \/>\nwerden, behalten wir uns vor, die Jahreshauptversammlung kurzfristig abzusagen.<br \/>\nDerzeit sind wir jedoch optimistisch und freuen uns, Sie gesund und wohlbehalten begr\u00c3\u00bc\u00c3\u0178en zu d\u00c3\u00bcrfen.<\/p>\n<p>Tagesordnung<\/p>\n<p>1.\u00c2\u00a0 Begr\u00c3\u00bc\u00c3\u0178ung der Mitglieder und Feststellung der Beschlussf\u00c3\u00a4higkeit<br \/>\n2.\u00c2\u00a0 Totengedenken<br \/>\n3.\u00c2\u00a0 Verlesung und Genehmigung der letzten Niederschrift<br \/>\n4.\u00c2\u00a0 Bericht des 1. Vorsitzenden<br \/>\n5.\u00c2\u00a0 Bericht des Dirigenten<br \/>\n6.\u00c2\u00a0 Bericht des Schatzmeisters<br \/>\n7.\u00c2\u00a0 Bericht der Kassenrevisoren<br \/>\n8.\u00c2\u00a0 Aussprache zu den Berichten<br \/>\n9.\u00c2\u00a0 Bildung eines Wahlausschuss<br \/>\n10. Entlastung der amtierenden Vorstandschaft<br \/>\n11. Neuwahlen<br \/>\n12. Antr\u00c3\u00a4ge<br \/>\n13. Verschiedenes<\/p>\n<p>Antr\u00c3\u00a4ge und Anregungen sind dem Vorsitzenden sp\u00c3\u00a4testens eine Woche vor<br \/>\nder Hauptversammlung schriftlich einzureichen.<\/p>\n","protected":false},"excerpt":{"rendered":"<p>Wir laden recht herzlich zu unserer Jahreshauptversammlung am 18.09.2021 um 19:00 Uhr ins Gemeindezentrum Niederwerrn Pestalozzistra\u00c3\u0178e 1, 97464 Niederwerrn ein. Aufgrund der anhaltenden Corona Pandemie und den geltenden Vorschriften, halten wir unsere Jahreshauptversammlung 2021 im Gemeindezentrum Niederwerrn ab. Wir bitten Sie um Verst\u00c3\u00a4ndnis, dass es in diesem Jahr keinen anschlie\u00c3\u0178enden Vereinsabend geben wird. Wir m\u00c3\u00b6chten [&hellip;]<\/p>\n","protected":false},"author":2,"featured_media":0,"comment_status":"closed","ping_status":"open","sticky":false,"template":"","format":"standard","meta":[],"categories":[1],"tags":[],"_links":{"self":[{"href":"https:\/\/www.mv-niederwerrn.de\/wp\/index.php?rest_route=\/wp\/v2\/posts\/591"}],"collection":[{"href":"https:\/\/www.mv-niederwerrn.de\/wp\/index.php?rest_route=\/wp\/v2\/posts"}],"about":[{"href":"https:\/\/www.mv-niederwerrn.de\/wp\/index.php?rest_route=\/wp\/v2\/types\/post"}],"author":[{"embeddable":true,"href":"https:\/\/www.mv-niederwerrn.de\/wp\/index.php?rest_route=\/wp\/v2\/users\/2"}],"replies":[{"embeddable":true,"href":"https:\/\/www.mv-niederwerrn.de\/wp\/index.php?rest_route=%2Fwp%2Fv2%2Fcomments&post=591"}],"version-history":[{"count":1,"href":"https:\/\/www.mv-niederwerrn.de\/wp\/index.php?rest_route=\/wp\/v2\/posts\/591\/revisions"}],"predecessor-version":[{"id":592,"href":"https:\/\/www.mv-niederwerrn.de\/wp\/index.php?rest_route=\/wp\/v2\/posts\/591\/revisions\/592"}],"wp:attachment":[{"href":"https:\/\/www.mv-niederwerrn.de\/wp\/index.php?rest_route=%2Fwp%2Fv2%2Fmedia&parent=591"}],"wp:term":[{"taxonomy":"category","embeddable":true,"href":"https:\/\/www.mv-niederwerrn.de\/wp\/index.php?rest_route=%2Fwp%2Fv2%2Fcategories&post=591"},{"taxonomy":"post_tag","embeddable":true,"href":"https:\/\/www.mv-niederwerrn.de\/wp\/index.php?rest_route=%2Fwp%2Fv2%2Ftags&post=591"}],"curies":[{"name":"wp","href":"https:\/\/api.w.org\/{rel}","templated":true}]}}