{"id":622,"date":"2022-04-18T21:55:07","date_gmt":"2022-04-18T19:55:07","guid":{"rendered":"https:\/\/www.mv-niederwerrn.de\/wp\/?p=622"},"modified":"2022-05-05T20:19:15","modified_gmt":"2022-05-05T18:19:15","slug":"jahreshauptversammlung-und-jubilaumsabend","status":"publish","type":"post","link":"https:\/\/www.mv-niederwerrn.de\/wp\/?p=622","title":{"rendered":"Jahreshauptversammlung und Jubil\u00c3\u00a4umsabend mit Konzert"},"content":{"rendered":"<p>Am Samstag den 28.05.2022 wollen wir mit allen Mitgliedern und Freunden unser 40-j\u00c3\u00a4hriges Jubil\u00c3\u00a4um feiern. Wir treffen uns ab\u00c2\u00a016:30 Uhr zur Jahreshauptversammlung im\u00c2\u00a0kath. Pfarrheim St. Bruno, Niederwerrn. Ab ca. 18 Uhr findet ein Konzert statt. Anschlie\u00c3\u0178end laden wir zum gem\u00c3\u00bctliches Beisammensein bei Bratwurst und Bier.<\/p>\n<p>Um Anmeldung wird gebeten unter <a href=\"mailto:vorstand@mv-niederwerrn.de\">vorstand@mv-niederwerrn.de<\/a><\/p>\n<p>&nbsp;<\/p>\n","protected":false},"excerpt":{"rendered":"<p>Am Samstag den 28.05.2022 wollen wir mit allen Mitgliedern und Freunden unser 40-j\u00c3\u00a4hriges Jubil\u00c3\u00a4um feiern. Wir treffen uns ab\u00c2\u00a016:30 Uhr zur Jahreshauptversammlung im\u00c2\u00a0kath. Pfarrheim St. Bruno, Niederwerrn. Ab ca. 18 Uhr findet ein Konzert statt. Anschlie\u00c3\u0178end laden wir zum gem\u00c3\u00bctliches Beisammensein bei Bratwurst und Bier. Um Anmeldung wird gebeten unter vorstand@mv-niederwerrn.de &nbsp;<\/p>\n","protected":false},"author":2,"featured_media":0,"comment_status":"closed","ping_status":"open","sticky":false,"template":"","format":"standard","meta":[],"categories":[1],"tags":[],"_links":{"self":[{"href":"https:\/\/www.mv-niederwerrn.de\/wp\/index.php?rest_route=\/wp\/v2\/posts\/622"}],"collection":[{"href":"https:\/\/www.mv-niederwerrn.de\/wp\/index.php?rest_route=\/wp\/v2\/posts"}],"about":[{"href":"https:\/\/www.mv-niederwerrn.de\/wp\/index.php?rest_route=\/wp\/v2\/types\/post"}],"author":[{"embeddable":true,"href":"https:\/\/www.mv-niederwerrn.de\/wp\/index.php?rest_route=\/wp\/v2\/users\/2"}],"replies":[{"embeddable":true,"href":"https:\/\/www.mv-niederwerrn.de\/wp\/index.php?rest_route=%2Fwp%2Fv2%2Fcomments&post=622"}],"version-history":[{"count":2,"href":"https:\/\/www.mv-niederwerrn.de\/wp\/index.php?rest_route=\/wp\/v2\/posts\/622\/revisions"}],"predecessor-version":[{"id":625,"href":"https:\/\/www.mv-niederwerrn.de\/wp\/index.php?rest_route=\/wp\/v2\/posts\/622\/revisions\/625"}],"wp:attachment":[{"href":"https:\/\/www.mv-niederwerrn.de\/wp\/index.php?rest_route=%2Fwp%2Fv2%2Fmedia&parent=622"}],"wp:term":[{"taxonomy":"category","embeddable":true,"href":"https:\/\/www.mv-niederwerrn.de\/wp\/index.php?rest_route=%2Fwp%2Fv2%2Fcategories&post=622"},{"taxonomy":"post_tag","embeddable":true,"href":"https:\/\/www.mv-niederwerrn.de\/wp\/index.php?rest_route=%2Fwp%2Fv2%2Ftags&post=622"}],"curies":[{"name":"wp","href":"https:\/\/api.w.org\/{rel}","templated":true}]}}